{"id":7198,"date":"2022-01-07T20:28:43","date_gmt":"2022-01-08T01:28:43","guid":{"rendered":"https:\/\/cabelitelaw.com\/fr\/?p=7198"},"modified":"2022-01-07T20:28:43","modified_gmt":"2022-01-08T01:28:43","slug":"quelles-sont-les-competences-devolues-a-la-cour-constitutionnelle","status":"publish","type":"post","link":"https:\/\/cabelitelaw.com\/fr\/2022\/01\/07\/quelles-sont-les-competences-devolues-a-la-cour-constitutionnelle\/","title":{"rendered":"Quelles sont les comp\u00e9tences d\u00e9volues \u00e0 la Cour constitutionnelle ?"},"content":{"rendered":"<p><span style=\"font-size: 12pt;\"><em>Les comp\u00e9tences de la Cour constitutionnelle au regard de la <\/em><a href=\"https:\/\/legalrdc.com\/2011\/01\/11\/constitution-du-18-fevrier-2006-modifiee-par-la-loi-n-11-002-du-20-janvier-2011-%e2%80%a2-texte-integral\/\"><em>Constitution du 18 f\u00e9vrier 2006<\/em><\/a><em> et de <\/em><a href=\"https:\/\/legalrdc.com\/2012\/10\/15\/loi-organique-portant-organisation-et-fonctionnement-de-la-cour-constitutionnelle\/\"><em>la loi organique n\u00b0 13\/026 du 15 octobre 2013 portant organisation et fonctionnement de la Cour constitutionnelle<\/em><\/a><em>. <\/em><\/span><\/p>\n<p><span style=\"font-size: 12pt;\">Pr\u00e9vue tour \u00e0 tour par la Loi fondamentale du 19 mai 1960 relative aux structures du Congo et par la <a href=\"https:\/\/legalrdc.com\/1964\/08\/01\/constitution-du-1er-aout-1964-%e2%80%a2-abrogee\/\">Constitution de Luluabourg de 1964<\/a>, la Cour constitutionnelle, install\u00e9e par la <a href=\"https:\/\/legalrdc.com\/2011\/01\/11\/constitution-du-18-fevrier-2006-modifiee-par-la-loi-n-11-002-du-20-janvier-2011-%e2%80%a2-texte-integral\/\">Constitution du 18 f\u00e9vrier 2006<\/a>, ne para\u00eet pas une innovation en soi. C\u2019est une institution bien connue dans l\u2019histoire de la R\u00e9publique d\u00e9mocratique du Congo (\u00ab\u00a0RDC\u00a0\u00bb).<\/span><\/p>\n<p><span style=\"font-size: 12pt;\">Cette juridiction est dot\u00e9e des comp\u00e9tences propres et a un mode d\u2019organisation et de fonctionnement pr\u00e9cis\u00e9 dans la <a href=\"https:\/\/legalrdc.com\/2011\/01\/11\/constitution-du-18-fevrier-2006-modifiee-par-la-loi-n-11-002-du-20-janvier-2011-%e2%80%a2-texte-integral\/\">Constitution du 18 f\u00e9vrier 2006 telle que modifi\u00e9e et compl\u00e9t\u00e9e \u00e0 ce jour<\/a> ainsi que par la <a href=\"https:\/\/legalrdc.com\/2012\/10\/15\/loi-organique-portant-organisation-et-fonctionnement-de-la-cour-constitutionnelle\/\">Loi organique n\u00b0 13\/026 du 15 octobre 2013 portant organisation et fonctionnement de la Cour constitutionnelle<\/a>.<\/span><\/p>\n<p><span style=\"font-size: 12pt;\">Parlant de comp\u00e9tence, il faut souligner que c\u2019est l\u2019ensemble des pouvoirs et devoirs attribu\u00e9s et impos\u00e9s \u00e0 un agent pour lui permettre de remplir sa fonction<a href=\"applewebdata:\/\/6D5CD84E-04AF-452B-87BF-1486F9D5F208#_ftn1\" name=\"_ftnref1\">[1]<\/a>. Les comp\u00e9tences \u00e9tant d\u2019attribution par principe, la <a href=\"https:\/\/legalrdc.com\/2011\/01\/11\/constitution-du-18-fevrier-2006-modifiee-par-la-loi-n-11-002-du-20-janvier-2011-%e2%80%a2-texte-integral\/\">Constitution<\/a> attribue ses comp\u00e9tences \u00e0 la Cour constitutionnelle, lesquelles r\u00e9sultent des dispositions des articles 74, 76, 99, 128, 139, 145, 160, 161, 162, 163, 164, 167 alin\u00e9a 1<sup>er<\/sup> et 216 de la Constitution<a href=\"applewebdata:\/\/6D5CD84E-04AF-452B-87BF-1486F9D5F208#_ftn2\" name=\"_ftnref2\">[2]<\/a>.<\/span><\/p>\n<p><span style=\"font-size: 12pt;\">Au regard des dispositions ci-dessus, la Cour constitutionnelle est juge du contr\u00f4le de constitutionnalit\u00e9 (I), de l\u2019interpr\u00e9tation de la <a href=\"https:\/\/legalrdc.com\/2011\/01\/11\/constitution-du-18-fevrier-2006-modifiee-par-la-loi-n-11-002-du-20-janvier-2011-%e2%80%a2-texte-integral\/\">Constitution<\/a> (II), du conflit de comp\u00e9tences (III), des infractions commises par le Pr\u00e9sident de la R\u00e9publique et le Premier ministre (IV), du contentieux \u00e9lectoral (V), du serment du Pr\u00e9sident de la R\u00e9publique et de la d\u00e9claration de son patrimoine familial (VI), de la d\u00e9claration de vacance de la Pr\u00e9sidence de la R\u00e9publique et de la prolongation du d\u00e9lai des \u00e9lections (VII), ainsi que de la r\u00e9gulation de la vie politique.<\/span><\/p>\n<ol>\n<li><span style=\"font-size: 12pt;\"><strong> Cour constitutionnelle\u00a0: juge du contr\u00f4le de constitutionnalit\u00e9<a href=\"applewebdata:\/\/6D5CD84E-04AF-452B-87BF-1486F9D5F208#_ftn3\" name=\"_ftnref3\">[3]<\/a><\/strong><\/span><\/li>\n<\/ol>\n<p><span style=\"font-size: 12pt;\">La supr\u00e9matie de la norme constitutionnelle sur d\u2019autres normes juridiques appelle naturellement un contr\u00f4le des secondes par la premi\u00e8re<a href=\"applewebdata:\/\/6D5CD84E-04AF-452B-87BF-1486F9D5F208#_ftn4\" name=\"_ftnref4\"><sup>[4]<\/sup><\/a>. Le contr\u00f4le de constitutionnalit\u00e9 des lois et autres actes permet de v\u00e9rifier la conformit\u00e9 de ces derniers aux normes constitutionnelles, hi\u00e9rarchiquement sup\u00e9rieures.<\/span><\/p>\n<p><span style=\"font-size: 12pt;\">En effet, la\u00a0hi\u00e9rarchie des normes\u00a0est une vision synth\u00e9tique du\u00a0droit\u00a0mise au point par\u00a0Hans Kelsen. Cette conception est au c\u0153ur de la d\u00e9finition de l&rsquo;\u00c9tat de droit. Il s&rsquo;agit d&rsquo;une vision hi\u00e9rarchique des\u00a0normes\u00a0juridiques. Cette hi\u00e9rarchie ne prend tout son sens que si son respect est contr\u00f4l\u00e9 par un\u00a0juge. Selon cet auteur, la\u00a0constitution se trouve au sommet de la pyramide. Il existe ainsi deux types de contr\u00f4le de ces normes juridiques\u00a0: le contr\u00f4le par voie d\u2019action et le contr\u00f4le par voie d&rsquo;exception.<\/span><\/p>\n<p><span style=\"font-size: 12pt;\">Le contr\u00f4le par voie d\u2019action ou contr\u00f4le <em>a priori<\/em> s\u2019applique obligatoirement aux Lois auxquelles la <a href=\"https:\/\/legalrdc.com\/2011\/01\/11\/constitution-du-18-fevrier-2006-modifiee-par-la-loi-n-11-002-du-20-janvier-2011-%e2%80%a2-texte-integral\/\">Constitution<\/a> conf\u00e8re le caract\u00e8re de Loi organique, aux R\u00e8glements Int\u00e9rieurs des Chambres parlementaires, du Congr\u00e8s et ceux des Institutions d\u2019Appui \u00e0 la D\u00e9mocratie, aux Ordonnances prises apr\u00e8s d\u00e9lib\u00e9ration en Conseil des Ministres par le Pr\u00e9sident de la R\u00e9publique, en cas d\u2019\u00e9tat d\u2019urgence ou de si\u00e8ge<a href=\"applewebdata:\/\/6D5CD84E-04AF-452B-87BF-1486F9D5F208#_ftn5\" name=\"_ftnref5\"><sup>[5]<\/sup><\/a>. Ce type de contr\u00f4le qui fait intervenir la Cour constitutionnelle en amont emp\u00eache l\u2019entr\u00e9e en vigueur d\u2019un texte jug\u00e9 inconstitutionnel.<\/span><\/p>\n<p><span style=\"font-size: 12pt;\">En outre, le contr\u00f4le <em>a priori<\/em> peut aussi \u00eatre enclench\u00e9 par le Pr\u00e9sident de la R\u00e9publique, le Premier Ministre, le Pr\u00e9sident de l\u2019Assembl\u00e9e Nationale, le Pr\u00e9sident du S\u00e9nat ou le dixi\u00e8me des D\u00e9put\u00e9s ou S\u00e9nateurs pour faire d\u00e9clarer une <em>loi ordinaire<\/em> \u00e0 promulguer non conforme \u00e0 la <a href=\"https:\/\/legalrdc.com\/2011\/01\/11\/constitution-du-18-fevrier-2006-modifiee-par-la-loi-n-11-002-du-20-janvier-2011-%e2%80%a2-texte-integral\/\">Constitution<\/a>.<\/span><\/p>\n<p><span style=\"font-size: 12pt;\">Le Procureur G\u00e9n\u00e9ral pr\u00e8s la Cour constitutionnelle peut \u00e9galement saisir la Cour pour un contr\u00f4le<em> a priori<\/em> des actes cit\u00e9s ci-dessus, \u00e0 l\u2019exception des trait\u00e9s et accords internationaux, lorsqu\u2019ils portent atteinte aux droits fondamentaux de la personne humaine ou aux libert\u00e9s publiques.<\/span><br \/>\n<span style=\"font-size: 12pt;\">Le contr\u00f4le par voie d\u2019exception ou <em>a posteriori<\/em> est effectu\u00e9 par toute personne dans une affaire qui la concerne devant une juridiction. Dans son <a href=\"https:\/\/legalrdc.com\/2020\/12\/04\/arret-rconst-1272-du-04-decembre-2020-requete-de-monsieur-wanyanga-muzumbi-jean-israel-general-de-brigade-en-inconstitutionnalite-de-la-procedure-et-arret-de-la-haute-cour-militaire-du-02\/\">Arr\u00eat RConst 1272 du 04 d\u00e9cembre 2020<\/a>, la Cour a relev\u00e9 que l\u2019exception d\u2019inconstitutionnalit\u00e9 n&rsquo;est possible et r\u00e9alis\u00e9e que sur production d&rsquo;un arr\u00eat ou jugement avant dire droit rendu par la juridiction saisie de la cause lors de l&rsquo;examen de laquelle cette question prioritaire pr\u00e9judicielle est invoqu\u00e9e, non pas <em>in limine litis<\/em>, comme l\u2019a laiss\u00e9 entendre la circulaire\u00a0n\u00b0 001\u00a0du 7 mars 2017 du Premier Pr\u00e9sident de la Cour de cassation, mais plut\u00f4t \u00e0 toute hauteur de la proc\u00e9dure.<\/span><\/p>\n<p><span style=\"font-size: 12pt;\">Il s\u2019agit d\u2019un moyen d&rsquo;ordre public qui, apr\u00e8s avoir prononc\u00e9 la surs\u00e9ance, la juridiction saisie renvoi \u00e0 la Cour constitutionnelle en pr\u00e9cisant la disposition l\u00e9gislative ou r\u00e9glementaire d\u00e9f\u00e9r\u00e9e en inconstitutionnalit\u00e9 ainsi que celle constitutionnelle dont la violation est vant\u00e9e. Ainsi, en l&rsquo;absence de l&rsquo;indication devant cette juridiction des actes l\u00e9gislatifs ou r\u00e9glementaires \u00e0 d\u00e9f\u00e9rer \u00e0 la Cour, ou lorsque les actes vis\u00e9s sont des actes de proc\u00e9dure judiciaires ou juridictionnels, notamment les exploits d&rsquo;assignation ou de citation, les ordonnances de fixation de date d&rsquo;audience ou d&rsquo;abr\u00e9viation des d\u00e9lais de comparution, les d\u00e9cision judiciaires, les mandats, les r\u00e9quisitions, l&rsquo;exception manque en droit car sans objet et n\u2019appelle pas surs\u00e9ance ni renvoi et ce, conform\u00e9ment aux dispositions des articles 162, alin\u00e9a 1er, 2 et 4 de la Constitution, 43, 52 et 53 de la Loi organique ainsi que 54 et 63 du R\u00e8glement int\u00e9rieur de la Cour constitutionnelle<a href=\"applewebdata:\/\/6D5CD84E-04AF-452B-87BF-1486F9D5F208#_ftn6\" name=\"_ftnref6\"><sup>[6]<\/sup><\/a>.\u00a0<\/span><\/p>\n<p><span style=\"font-size: 12pt;\">En effet, dans la hi\u00e9rarchie des normes, la <a href=\"https:\/\/legalrdc.com\/2011\/01\/11\/constitution-du-18-fevrier-2006-modifiee-par-la-loi-n-11-002-du-20-janvier-2011-%e2%80%a2-texte-integral\/\">Constitution<\/a> est la norme sup\u00e9rieure et la source fondamentale d\u2019o\u00f9 d\u00e9coule\u00a0le fondement de toutes les normes l\u00e9gales et r\u00e8glementaires et \u00e0 laquelle doivent se conformer, pour leur r\u00e9gularit\u00e9, toutes les autres sources inf\u00e9rieures.<\/span><\/p>\n<p><span style=\"font-size: 12pt;\">Par cons\u00e9quent, lorsqu\u2019une loi, ou toute autre source du droit, contient une disposition qui n\u2019est pas conforme \u00e0 la <a href=\"https:\/\/legalrdc.com\/2011\/01\/11\/constitution-du-18-fevrier-2006-modifiee-par-la-loi-n-11-002-du-20-janvier-2011-%e2%80%a2-texte-integral\/\">Constitution<\/a>,\u00a0toute partie\u00a0au proc\u00e8s, qui a\u00a0int\u00e9r\u00eat, peut soulever une exception d\u2019inconstitutionnalit\u00e9. Dans pareils cas, la juridiction de fond doit, en principe, sursoir \u00e0 statuer jusqu\u2019\u00e0 ce que la Cour constitutionnelle se prononce, seul organe comp\u00e9tent pour statuer sur la conformit\u00e9 \u00e0 la <a href=\"https:\/\/legalrdc.com\/2011\/01\/11\/constitution-du-18-fevrier-2006-modifiee-par-la-loi-n-11-002-du-20-janvier-2011-%e2%80%a2-texte-integral\/\">Constitution<\/a>.<\/span><\/p>\n<ol>\n<li><span style=\"font-size: 12pt;\"><strong> Cour constitutionnelle\u00a0: juge de l\u2019interpr\u00e9tation de la <\/strong><a href=\"https:\/\/legalrdc.com\/2011\/01\/11\/constitution-du-18-fevrier-2006-modifiee-par-la-loi-n-11-002-du-20-janvier-2011-%e2%80%a2-texte-integral\/\"><strong>Constitution<\/strong><\/a><\/span><\/li>\n<\/ol>\n<p><span style=\"font-size: 12pt;\">La Cour constitutionnelle conna\u00eet des recours en interpr\u00e9tation de la <a href=\"https:\/\/legalrdc.com\/2011\/01\/11\/constitution-du-18-fevrier-2006-modifiee-par-la-loi-n-11-002-du-20-janvier-2011-%e2%80%a2-texte-integral\/\">Constitution<\/a>. <em>Interpr\u00e9ter la Constitution, pourquoi\u00a0? <\/em>En effet, la Constitution contient non seulement des r\u00e8gles des proc\u00e9dures rigides et formelles mais aussi des principes en vertu desquels les individus disposent de certains droits. Contrairement aux r\u00e8gles, ces principes n&rsquo;admettent pas une application litt\u00e9rale mais ils doivent \u00eatre interpr\u00e9t\u00e9s car ils sont \u00e0 la fois de m\u00eame rang hi\u00e9rarchique, contemporains les uns des autres et de m\u00eame port\u00e9e juridique. Ils doivent donc faire l&rsquo;objet d&rsquo;une pond\u00e9ration ou d&rsquo;un balancement<a href=\"applewebdata:\/\/6D5CD84E-04AF-452B-87BF-1486F9D5F208#_ftn7\" name=\"_ftnref7\">[7]<\/a>.<\/span><\/p>\n<p><span style=\"font-size: 12pt;\">Le\u00a0juge constitutionnel se situe en quelque sorte \u00e0 mi-chemin entre le l\u00e9gislateur et le juge ordinaire\u00a0: il est libre comme peut l&rsquo;\u00eatre le l\u00e9gislateur, mais cette libert\u00e9 est encadr\u00e9e par des exigences prudentielles que le juge ordinaire ne conna\u00eet pas\u00a0; car ce dernier est, quant \u00e0 lui, tenu de se conformer au mod\u00e8le de la subsomption applicable \u00e0 toute r\u00e8gle.<\/span><\/p>\n<p><span style=\"font-size: 12pt;\">Ainsi, le\u00a0juge constitutionnel\u00a0est un organe unique de la\u00a0juridiction constitutionnelle, habilit\u00e9 \u00e0 interpr\u00e9ter la Constitution<a href=\"applewebdata:\/\/6D5CD84E-04AF-452B-87BF-1486F9D5F208#_ftn8\" name=\"_ftnref8\">[8]<\/a>.\u00a0<\/span><\/p>\n<p><span style=\"font-size: 12pt;\"><strong>III. Cour constitutionnelle\u00a0: juge du conflit de comp\u00e9tences <\/strong><\/span><\/p>\n<p><span style=\"font-size: 12pt;\">La Cour constitutionnelle est comp\u00e9tente pour conna\u00eetre des conflits de comp\u00e9tence et d\u2019attribution<a href=\"applewebdata:\/\/6D5CD84E-04AF-452B-87BF-1486F9D5F208#_ftn9\" name=\"_ftnref9\"><sup>[9]<\/sup><\/a>.<\/span><\/p>\n<p><span style=\"font-size: 12pt;\">Ainsi, en ce qui concerne les conflits de comp\u00e9tence, la Cour intervient et statue sur les conflits entre les pouvoir ex\u00e9cutif et l\u00e9gislatif<a href=\"applewebdata:\/\/6D5CD84E-04AF-452B-87BF-1486F9D5F208#_ftn10\" name=\"_ftnref10\"><sup>[10]<\/sup><\/a>, ainsi qu\u2019entre l\u2019\u00c9tat et les provinces<a href=\"applewebdata:\/\/6D5CD84E-04AF-452B-87BF-1486F9D5F208#_ftn11\" name=\"_ftnref11\"><sup>[11]<\/sup><\/a>. Dans ce dernier cas, il ne s\u2019agit pas de l\u2019\u00c9tat pris dans un sens technique, mais plut\u00f4t du pouvoir central en l\u2019occurrence l\u2019ex\u00e9cutif national et le parlement national, oppos\u00e9 aux provinces.<\/span><\/p>\n<p><span style=\"font-size: 12pt;\">Les conflits d\u2019attribution se rattachent aux juridictions de l\u2019ordre judiciaire et celles de l\u2019ordre administratif.<\/span><\/p>\n<p><span style=\"font-size: 12pt;\">En effet, il existe trois ordres juridictionnels en RDC\u00a0: l\u2019ordre constitutionnel, l\u2019ordre judiciaire et l\u2019ordre administratif. Les comp\u00e9tences de la juridiction constitutionnelle sont analys\u00e9es dans le pr\u00e9sent article. Lorsqu\u2019un litige concerne des personnes priv\u00e9es, comme c\u2019est le cas notamment pour les crimes et d\u00e9lits, c\u2019est l\u2019ordre judiciaire qui est comp\u00e9tent chapeaut\u00e9 par la Cour de cassation. Quand le litige concerne une ou plusieurs personnes publiques, c\u2019est au juge administratif qu\u2019il faut s\u2019adresser. Cet ordre est chapeaut\u00e9 par le Conseil d\u2019\u00c9tat. Pour les cas o\u00f9 la distinction n\u2019est pas tranch\u00e9e, la Cour constitutionnelle est charg\u00e9e de d\u00e9terminer quel ordre sera comp\u00e9tent<a href=\"applewebdata:\/\/6D5CD84E-04AF-452B-87BF-1486F9D5F208#_ftn12\" name=\"_ftnref12\">[12]<\/a>.<\/span><\/p>\n<p><span style=\"font-size: 12pt;\">Dans pareils cas, la Cour constitutionnelle joue un r\u00f4le comparable \u00e0 celui du tribunal des conflits en France<a href=\"applewebdata:\/\/6D5CD84E-04AF-452B-87BF-1486F9D5F208#_ftn13\" name=\"_ftnref13\"><sup>[13]<\/sup><\/a>.<\/span><\/p>\n<p><span style=\"font-size: 12pt;\">De plus, la Cour conna\u00eet des recours contre les arr\u00eats rendus par la Cour de cassation et le Conseil d\u2019\u00c9tat en tant qu\u2019ils se prononcent sur l\u2019attribution du litige aux juridictions de l\u2019ordre judiciaire ou administratif.<\/span><\/p>\n<ol>\n<li><span style=\"font-size: 12pt;\"><strong> Cour constitutionnelle\u00a0: juge p\u00e9nal du Pr\u00e9sident de la R\u00e9publique et du Premier ministre<\/strong><\/span><\/li>\n<\/ol>\n<p><span style=\"font-size: 12pt;\">La Cour constitutionnelle est un juge p\u00e9nal. La Constitution reconna\u00eet \u00e0 la Cour Constitutionnelle la qualit\u00e9 de juge p\u00e9nal du Pr\u00e9sident de la R\u00e9publique et du Premier Ministre ainsi que de leurs co-auteurs et complices.<\/span><\/p>\n<p><span style=\"font-size: 12pt;\">Elle est comp\u00e9tente pour les infractions politiques et celles de droit commun commises par le Pr\u00e9sident de la R\u00e9publique et le Premier ministre dans l\u2019exercice ou \u00e0 l\u2019occasion de l\u2019exercice de leurs fonctions.<\/span><\/p>\n<p><span style=\"font-size: 12pt;\">Les infractions politiques sont constitu\u00e9es de la haute trahison<a href=\"applewebdata:\/\/6D5CD84E-04AF-452B-87BF-1486F9D5F208#_ftn14\" name=\"_ftnref14\"><sup>[14]<\/sup><\/a>, l\u2019outrage au Parlement<a href=\"applewebdata:\/\/6D5CD84E-04AF-452B-87BF-1486F9D5F208#_ftn15\" name=\"_ftnref15\"><sup>[15]<\/sup><\/a>, l\u2019atteinte \u00e0 l\u2019honneur<a href=\"applewebdata:\/\/6D5CD84E-04AF-452B-87BF-1486F9D5F208#_ftn16\" name=\"_ftnref16\"><sup>[16]<\/sup><\/a> ou \u00e0 la probit\u00e9<a href=\"applewebdata:\/\/6D5CD84E-04AF-452B-87BF-1486F9D5F208#_ftn17\" name=\"_ftnref17\"><sup>[17]<\/sup><\/a> ainsi que le d\u00e9lit d\u2019initi\u00e9<a href=\"applewebdata:\/\/6D5CD84E-04AF-452B-87BF-1486F9D5F208#_ftn18\" name=\"_ftnref18\"><sup>[18]<\/sup><\/a>. Les infractions de droit commun sont celles cit\u00e9es par le Code p\u00e9nal.<\/span><\/p>\n<p><span style=\"font-size: 12pt;\">Dans son <a href=\"https:\/\/legalrdc.com\/2021\/11\/15\/arret-rp-0001-du-15-novembre-2021-ministere-public-c-messieurs-matata-ponyo-mapon-augustin-kitebi-kibol-mvul-patricegrobler-christo\/\">arr\u00eat RP 0001 du 15 novembre 2021<\/a>, la Cour a relev\u00e9 que l&rsquo;article 164 de la Constitution reconnait au Pr\u00e9sident de la R\u00e9publique et au Premier ministre ce privil\u00e8ge de juridiction tout simplement parce qu&rsquo;il s&rsquo;agit d&rsquo;une question pr\u00e9sentant un caract\u00e8re politique trop accentu\u00e9 pour \u00eatre examin\u00e9 par une juridiction de l&rsquo;ordre judiciaire. En plus, il est n\u00e9cessaire que le Pr\u00e9sident de la R\u00e9publique ou le Premier ministre soit \u00e0 l&rsquo;abri des poursuites, comme tout citoyen, qui emp\u00eacheraient l&rsquo;exercice des pouvoirs que leur conf\u00e8re la Constitution.<\/span><\/p>\n<ul>\n<li><span style=\"font-size: 12pt;\">Par ailleurs, en ce qui concerne le Premier ministre, la Cour a fait observer que ce privil\u00e8ge de juridiction prend fin avec ses fonctions, lequel redevient \u00e0 la fin de son mandat justiciable des tribunaux ordinaires. La Cour consid\u00e8re donc que pendant la dur\u00e9e de ses fonctions, le Premier ministre ne peut voir sa responsabilit\u00e9 p\u00e9nale engag\u00e9e que devant elle ; pour tous ses actes, y compris ceux accomplis en dehors de ses fonctions, il b\u00e9n\u00e9ficie d&rsquo;un privil\u00e8ge de juridiction le mettant largement \u00e0 l&rsquo;abri.<\/span>\n<p><span style=\"font-size: 12pt;\">Lire\u00a0\u00bb<\/span><\/li>\n<li><span style=\"font-size: 12pt;\"><a href=\"https:\/\/legalrdc.com\/2021\/07\/01\/modele-du-regime-des-poursuites-et-de-destitution-du-president-de-la-republique-pour-les-faits-commis-dans-et-hors-lexercice-de-ses-fonctions-une-etude-comparative-du-droit-franco-a\/\">Mod\u00e8le du r\u00e9gime des poursuites et de destitution du Pr\u00e9sident de la r\u00e9publique \u2022 Une \u00e9tude comparative du droit franco-am\u00e9ricain et congolais<\/a><\/span><\/li>\n<li><span style=\"font-size: 12pt;\"><a href=\"https:\/\/legalrdc.com\/2021\/10\/25\/non-messieurs-un-ancien-premier-ministre-nest-pas-un-premier-ministre\/\">Non messieurs, un ancien Premier Ministre n\u2019est pas un Premier Ministre<\/a><\/span><\/li>\n<li><span style=\"font-size: 12pt;\"><a href=\"https:\/\/legalrdc.com\/2021\/11\/22\/infraction-commise-par-un-ancien-premier-ministre-quid-de-la-juridiction-competente\/\">Infraction commise par un ancien Premier ministre : quid de la juridiction comp\u00e9tente ?<\/a><\/span><\/li>\n<\/ul>\n<ol>\n<li><span style=\"font-size: 12pt;\"><strong> Cour constitutionnelle\u00a0: juge du contentieux \u00e9lectoral <\/strong><\/span><\/li>\n<\/ol>\n<p><span style=\"font-size: 12pt;\">Le choix du constituant de 2006 \u00e9tait clair. Il a confi\u00e9 le contentieux des \u00e9lections pr\u00e9sidentielle, l\u00e9gislatives nationales et du r\u00e9f\u00e9rendum \u00e0 une autorit\u00e9 juridictionnelle\u00a0: la Cour constitutionnelle.<\/span><\/p>\n<p><span style=\"font-size: 12pt;\">Cette juridiction conna\u00eet des recours en contestation de la r\u00e9gularit\u00e9 des candidatures, des r\u00e9sultats des \u00e9lections pr\u00e9sidentielle, l\u00e9gislatives nationales ainsi que du r\u00e9f\u00e9rendum.<\/span><\/p>\n<p><span style=\"font-size: 12pt;\">Elle proclame les r\u00e9sultats d\u00e9finitifs de ces consultations.<\/span><\/p>\n<ol>\n<li><span style=\"font-size: 12pt;\"><strong> Cour constitutionnelle\u00a0: juge du serment du Pr\u00e9sident de la R\u00e9publique et de la d\u00e9claration de son patrimoine familial<\/strong><\/span><\/li>\n<\/ol>\n<p><span style=\"font-size: 12pt;\">Au regard de l\u2019article 74 de la Constitution, la Cour constitutionnelle est comp\u00e9tente pour recevoir le serment du Pr\u00e9sident de la R\u00e9publique. \u00c0 ceci s\u2019ajoute la comp\u00e9tence de recevoir le serment des membres du bureau de la CENI, tel que pr\u00e9vu \u00e0 l\u2019article 20 de la Loi n\u00b0 10\/013 du 28 juillet 2010 telle que modifi\u00e9e et compl\u00e9t\u00e9e \u00e0 ce jour portant organisation et fonctionnement de la Commission \u00c9lectorale Nationale Ind\u00e9pendante (\u00ab\u00a0CENI\u00a0\u00bb).<\/span><\/p>\n<p><span style=\"font-size: 12pt;\">La Cour est en outre comp\u00e9tente pour recevoir la d\u00e9claration \u00e9crite du patrimoine familial du Pr\u00e9sident de la R\u00e9publique, des membres du Gouvernement<a href=\"applewebdata:\/\/6D5CD84E-04AF-452B-87BF-1486F9D5F208#_ftn19\" name=\"_ftnref19\"><sup>[19]<\/sup><\/a> et des membres du Bureau de la CENI<a href=\"applewebdata:\/\/6D5CD84E-04AF-452B-87BF-1486F9D5F208#_ftn20\" name=\"_ftnref20\"><sup>[20]<\/sup><\/a>, et sa communication \u00e0 l\u2019Administration fiscale.<\/span><\/p>\n<p><span style=\"font-size: 12pt;\"><strong>VII. Cour constitutionnelle\u00a0: juge de la d\u00e9claration de vacance de la Pr\u00e9sidence de la R\u00e9publique et de la prolongation du d\u00e9lai des \u00e9lections<\/strong><\/span><\/p>\n<p><span style=\"font-size: 12pt;\">En tant qu\u2019autorit\u00e9 constitutionnelle, la Cour constitutionnelle est comp\u00e9tente pour d\u00e9clarer la vacance de la Pr\u00e9sidence de la R\u00e9publique<a href=\"applewebdata:\/\/6D5CD84E-04AF-452B-87BF-1486F9D5F208#_ftn21\" name=\"_ftnref21\">[21]<\/a>, intervenue suite au d\u00e9c\u00e8s, \u00e0 la d\u00e9mission ou \u00e0 toute autre cause d\u2019emp\u00eachement d\u00e9finitif<a href=\"applewebdata:\/\/6D5CD84E-04AF-452B-87BF-1486F9D5F208#_ftn22\" name=\"_ftnref22\"><sup>[22]<\/sup><\/a> de la personne du Pr\u00e9sident de la R\u00e9publique.<\/span><\/p>\n<p><span style=\"font-size: 12pt;\">Elle peut, dans les m\u00eames conditions, prolonger le d\u00e9lai \u00e9lectoral pour des raisons de force majeure comme cela a \u00e9t\u00e9 le cas pour les \u00e9lections de 2018.<\/span><\/p>\n<p><span style=\"font-size: 12pt;\"><strong>VIII. Cour constitutionnelle\u00a0: juge r\u00e9gulateur de la vie politique <\/strong><\/span><\/p>\n<p><span style=\"font-size: 12pt;\">L\u2019<a href=\"https:\/\/legalrdc.com\/2020\/12\/15\/arret-rconst-1438-du-15-decembre-2020\/\">arr\u00eat R. Const. 1438 du 15 d\u00e9cembre 2021<\/a> renferme le principe selon lequel la Cour constitutionnelle dispose d\u2019un pouvoir r\u00e9gulateur de la vie politique. Cela, outre les pr\u00e9rogatives qui lui sont explicitement reconnues par la <a href=\"https:\/\/legalrdc.com\/2011\/01\/11\/constitution-du-18-fevrier-2006-modifiee-par-la-loi-n-11-002-du-20-janvier-2011-%e2%80%a2-texte-integral\/\">Constitution<\/a> et sa <a href=\"https:\/\/legalrdc.com\/2012\/10\/15\/loi-organique-portant-organisation-et-fonctionnement-de-la-cour-constitutionnelle\/\">loi organique<\/a>.<\/span><\/p>\n<p><span style=\"font-size: 12pt;\">Il ressort de cet arr\u00eat que ce pouvoir de r\u00e9gulation vise \u00e0 r\u00e9gler des questions qui, si elles demeurent sans r\u00e9ponses, peuvent paralyser le fonctionnement r\u00e9gulier des institutions et des services publics.<\/span><\/p>\n<p><span style=\"font-size: 12pt;\">Cette solution jurisprudentielle a \u00e9t\u00e9 d\u00e9j\u00e0 \u00e9t\u00e9 exp\u00e9riment\u00e9e par la Cour pour r\u00e9gler les questions fondamentales qui lui ont \u00e9t\u00e9 soumises sous R.Const 38\/TSR du 15 septembre 2006 relatif \u00e0 la prorogation du d\u00e9lai de l&rsquo;organisation du second tour des \u00e9lections pr\u00e9sidentielles de 2006 (Bulletin des arr\u00eats de la Cour supr\u00eame de justice, num\u00e9ro sp\u00e9cial, contentieux \u00e9lectoraux 2006-2007, Kinshasa, \u00e9dition du Service de documentation et d&rsquo;\u00e9tudes du Minist\u00e8re de la Justice, pp. 390-396)\u00a0; R. Const 055\/TSR du 27 ao\u00fbt 2007 en rapport avec la prolongation du mandat de la Commission \u00e9lectorale ind\u00e9pendante\u00a0; R. Const. 059\/TSR du 30 janvier 2008 sur la prolongation du mandat de la Haute autorit\u00e9 des M\u00e9dias (Bulletin des arr\u00eats de la Cour supr\u00eame de justice, ann\u00e9e 2004 \u00e0 2009, Kinshasa, \u00e9dition du Service de documentation et d&rsquo;\u00e9tudes du Minist\u00e8re de la Justice et droits humains, 2010, pp. 65-72, etc.).\u00a0<\/span><\/p>\n<p>&nbsp;<\/p>\n<hr \/>\n<p><span style=\"font-size: 10pt;\"><a href=\"applewebdata:\/\/6D5CD84E-04AF-452B-87BF-1486F9D5F208#_ftnref1\" name=\"_ftn1\">[1]<\/a> G. Cornu, vocabulaire juridique, 9<sup>e<\/sup> Ed., mise \u00e0 jour, Paris, PUF, 2011, p. 210<\/span><\/p>\n<p><span style=\"font-size: 10pt;\"><a href=\"applewebdata:\/\/6D5CD84E-04AF-452B-87BF-1486F9D5F208#_ftnref2\" name=\"_ftn2\">[2]<\/a> Voy. Article 42 Loi organique n\u00b013\/026 du 15 octobre 2013 portant organisation et fonctionnement de la Cour constitutionnelle<\/span><\/p>\n<p><span style=\"font-size: 10pt;\"><a href=\"applewebdata:\/\/6D5CD84E-04AF-452B-87BF-1486F9D5F208#_ftnref3\" name=\"_ftn3\">[3]<\/a> La Cour constitutionnelle conna\u00eet de la constitutionnalit\u00e9 des trait\u00e9s et accords internationaux, des lois, des actes ayant force de Loi, des \u00e9dits, des R\u00e8glements Int\u00e9rieurs des Chambres parlementaires, du Congr\u00e8s et des Institutions d\u2019Appui \u00e0 la D\u00e9mocratie ainsi que des actes r\u00e8glementaires des autorit\u00e9s administratives.<\/span><\/p>\n<p><span style=\"font-size: 10pt;\"><a href=\"applewebdata:\/\/6D5CD84E-04AF-452B-87BF-1486F9D5F208#_ftnref4\" name=\"_ftn4\">[4]<\/a> Jean-Louis ESAMBO, Cours de droit constitutionnel g\u00e9n\u00e9ral, note de cours, 2019-2020, p. 55<\/span><\/p>\n<p><span style=\"font-size: 10pt;\"><a href=\"applewebdata:\/\/6D5CD84E-04AF-452B-87BF-1486F9D5F208#_ftnref5\" name=\"_ftn5\">[5]<\/a> En raison des exigences propres \u00e0 la hi\u00e9rarchie des normes, la conformit\u00e9 \u00e0 la Constitution des r\u00e8glements doit s\u2019appr\u00e9cier au regard tant de la Constitution (donc du \u00ab bloc de constitutionnalit\u00e9 \u00bb) que des lois organiques pr\u00e9vues par celle-ci ainsi que des mesures l\u00e9gislatives prises pour son application.<\/span><\/p>\n<h3><span style=\"font-size: 10pt;\"><a href=\"applewebdata:\/\/6D5CD84E-04AF-452B-87BF-1486F9D5F208#_ftnref6\" name=\"_ftn6\">[6]<\/a> Voy. <a href=\"https:\/\/legalrdc.com\/2020\/12\/04\/arret-rconst-1272-du-04-decembre-2020-requete-de-monsieur-wanyanga-muzumbi-jean-israel-general-de-brigade-en-inconstitutionnalite-de-la-procedure-et-arret-de-la-haute-cour-militaire-du-02\/\">Arr\u00eat RConst 1272 du 04 d\u00e9cembre 2020 \u2022 Requ\u00eate de Monsieur Wanyanga Muzumbi Jean-Israel, g\u00e9n\u00e9ral de brigade, en inconstitutionnalit\u00e9 de la proc\u00e9dure et arr\u00eat de la Haute Cour militaire du 02 juillet 2020 sous RP 015\/2020<\/a><\/span><\/h3>\n<h3><span style=\"font-size: 10pt;\"><a href=\"applewebdata:\/\/6D5CD84E-04AF-452B-87BF-1486F9D5F208#_ftnref7\" name=\"_ftn7\"><strong>[7]<\/strong><\/a> Lire <a href=\"https:\/\/legalrdc.com\/2020\/04\/16\/jo-special-16-avril-2020-ordonnance-portant-proclamation-de-letat-durgence-sanitaire-pour-faire-face-a-lepidemie-de-covid-19-et-arret-r-const-1-200\/\">Arr\u00eat R. Const. 1.200<\/a><\/span><\/h3>\n<h3><span style=\"font-size: 10pt;\"><a href=\"applewebdata:\/\/6D5CD84E-04AF-452B-87BF-1486F9D5F208#_ftnref8\" name=\"_ftn8\"><strong>[8]<\/strong><\/a> Voy. <a href=\"https:\/\/legalrdc.com\/2021\/01\/15\/arret-rconst-1453-du-15-janvier-2021-requete-en-interpretation-de-larticle-101-alinea-5-de-la-constitution\/\">Arr\u00eat RConst 1453 du 15 janvier 2021 \u2022 Requ\u00eate en interpr\u00e9tation de l\u2019article 101 alin\u00e9a 5 de la Constitution<\/a>\u00a0; <a href=\"https:\/\/legalrdc.com\/2016\/05\/11\/arret-rconst-262-du-11-mai-2016-recours-en-interpretation-de-larticle-70-de-la-constitution-en-relation-avec-les-articles-75-76-103-105-et-197-de-la-meme-constitution\/\">Arr\u00eat RConst 262 du 11 mai 2016 \u2022 Recours en interpr\u00e9tation de l\u2019article 70 de la Constitution en relation avec les articles 75, 76, 103, 105 et 197 de la m\u00eame Constitution<\/a><\/span><\/h3>\n<p><span style=\"font-size: 10pt;\"><a href=\"applewebdata:\/\/6D5CD84E-04AF-452B-87BF-1486F9D5F208#_ftnref9\" name=\"_ftn9\">[9]<\/a> Il y a conflit d\u2019attribution, lorsque la Cour de Cassation et le Conseil d\u2019\u00c9tat d\u00e9clarent tous une juridiction de l\u2019ordre judiciaire et une juridiction de l\u2019ordre administratif comp\u00e9tente ou incomp\u00e9tente pour conna\u00eetre d\u2019une m\u00eame demande mue entre les m\u00eames parties.<\/span><\/p>\n<p><span style=\"font-size: 10pt;\"><a href=\"applewebdata:\/\/6D5CD84E-04AF-452B-87BF-1486F9D5F208#_ftnref10\" name=\"_ftn10\">[10]<\/a> Il y a conflit de comp\u00e9tence entre les pouvoir ex\u00e9cutif et l\u00e9gislatif lorsque l\u2019un des actes \u00e9num\u00e9r\u00e9s \u00e0 l\u2019article 43 (trait\u00e9s et accords internationaux, des Lois, des actes ayant force de Loi, des \u00e9dits, des R\u00e8glements Int\u00e9rieurs des Chambres parlementaires, du Congr\u00e8s et des Institutions d\u2019Appui \u00e0 la D\u00e9mocratie ainsi que des actes r\u00e8glementaires des autorit\u00e9s administratives) de la pr\u00e9sente Loi organique est pris par l\u2019un des pouvoirs en violation du domaine de comp\u00e9tence mat\u00e9rielle de l\u2019autre. La Cour Elle se prononce sur le caract\u00e8re l\u00e9gislatif ou r\u00e8glementaire des mati\u00e8res en cause.<\/span><\/p>\n<p><span style=\"font-size: 10pt;\"><a href=\"applewebdata:\/\/6D5CD84E-04AF-452B-87BF-1486F9D5F208#_ftnref11\" name=\"_ftn11\">[11]<\/a> Il y a conflit de comp\u00e9tences l\u2019\u00c9tat et les provinces lorsque l\u2019un des actes \u00e9num\u00e9r\u00e9s \u00e0 l\u2019article 43 de la pr\u00e9sente Loi organique est pris en violation des articles 202 \u00e0 205 de la Constitution. La Cour se prononce sur l\u2019\u00e9chelon du pouvoir comp\u00e9tent.<\/span><\/p>\n<h3><span style=\"font-size: 10pt;\"><a href=\"applewebdata:\/\/6D5CD84E-04AF-452B-87BF-1486F9D5F208#_ftnref12\" name=\"_ftn12\">[12]<\/a> Voy. <a href=\"https:\/\/legalrdc.com\/2021\/01\/15\/rca-0001-du-15-janvier-2021-requete-aux-fins-de-reglement-dun-conflit-dattribution-de-litige-aux-juridictions-de-lordre-judiciaire-ou-administratif\/\">Arr\u00eat RCA 0001 du 15 janvier 2021 \u2022 Requ\u00eate aux fins de r\u00e8glement d\u2019un conflit d\u2019attribution de litige aux juridictions de l\u2019ordre judiciaire ou administratif<\/a><\/span><\/h3>\n<p><span style=\"font-size: 10pt;\"><a href=\"applewebdata:\/\/6D5CD84E-04AF-452B-87BF-1486F9D5F208#_ftnref13\" name=\"_ftn13\">[13]<\/a> Balingene Kahombo, \u00ab\u00a0<em>L\u2019originalit\u00e9 de la cour constitutionnelle : son organisation et ses comp\u00e9tences<\/em>\u00a0\u00bb, sur https:\/\/hamann-legal.de.<\/span><\/p>\n<p><span style=\"font-size: 10pt;\"><a href=\"applewebdata:\/\/6D5CD84E-04AF-452B-87BF-1486F9D5F208#_ftnref14\" name=\"_ftn14\">[14]<\/a> Il y a haute trahison lorsque le Pr\u00e9sident de la R\u00e9publique a viol\u00e9 intentionnellement la Constitution ou lorsque lui ou le Premier Ministre est reconnu auteur, coauteur ou complice des violations graves et caract\u00e9ris\u00e9es des droits de l\u2019homme ou de cession d\u2019une partie du territoire national. Le Pr\u00e9sident de la R\u00e9publique ou le Premier Ministre se rend \u00e9galement coupable de l\u2019infraction de haute trahison lorsque l\u2019un ou l\u2019autre\u00a0: 1.\u00a0institue ou tente d\u2019instituer un parti unique sous quelque forme que ce soit\u00a0; 2.\u00a0manque \u00e0 son devoir de sauvegarder l\u2019unit\u00e9 de la R\u00e9publique et l\u2019int\u00e9grit\u00e9 de son territoire\u00a0; 3. d\u00e9tourne les forces arm\u00e9es de la R\u00e9publique \u00e0 ses fins propres\u00a0; 4.\u00a0organise des formations militaires, paramilitaires ou des milices priv\u00e9es ou entretient une jeunesse arm\u00e9e. La haute trahison est punie de la servitude p\u00e9nale \u00e0 perp\u00e9tuit\u00e9.<\/span><\/p>\n<p><span style=\"font-size: 10pt;\"><a href=\"applewebdata:\/\/6D5CD84E-04AF-452B-87BF-1486F9D5F208#_ftnref15\" name=\"_ftn15\">[15]<\/a> Il y a outrage au Parlement, lorsque, sur des questions pos\u00e9es par l\u2019une ou l\u2019autre Chambre du Parlement sur l\u2019activit\u00e9 gouvernementale, le Premier Ministre ne fournit aucune r\u00e9ponse dans un d\u00e9lai de trente jours \u00e0 dater de la r\u00e9ception de la question. L\u2019outrage au Parlement est puni de cinq \u00e0 dix ans de servitude p\u00e9nale principale.<\/span><\/p>\n<p><span style=\"font-size: 10pt;\"><a href=\"applewebdata:\/\/6D5CD84E-04AF-452B-87BF-1486F9D5F208#_ftnref16\" name=\"_ftn16\">[16]<\/a> Il y a atteinte \u00e0 l\u2019honneur lorsque le comportement personnel du Pr\u00e9sident de la R\u00e9publique ou du Premier Ministre est contraire aux bonnes m\u0153urs. L\u2019atteinte \u00e0 l\u2019honneur est constitu\u00e9e des faits d\u00e9finis dans les sections III et IV du titre VI du Code P\u00e9nal, Livre II, et est punie des peines privatives de libert\u00e9 qui y sont pr\u00e9vues, ainsi que d\u2019une amende de dix \u00e0 cinquante millions de Francs congolais.<\/span><\/p>\n<p><span style=\"font-size: 10pt;\"><a href=\"applewebdata:\/\/6D5CD84E-04AF-452B-87BF-1486F9D5F208#_ftnref17\" name=\"_ftn17\">[17]<\/a> Il y a atteinte \u00e0 la probit\u00e9 lorsque le Pr\u00e9sident de la R\u00e9publique ou le Premier Ministre est reconnu auteur, coauteur ou complice de d\u00e9tournement de deniers publics, de corruption ou d\u2019enrichissement illicite. L\u2019atteinte \u00e0 la probit\u00e9 est constitu\u00e9e des faits pr\u00e9vus dans la section VII du titre IV du Code P\u00e9nal Livre II et est punie des m\u00eames peines.<\/span><\/p>\n<p><span style=\"font-size: 10pt;\"><a href=\"applewebdata:\/\/6D5CD84E-04AF-452B-87BF-1486F9D5F208#_ftnref18\" name=\"_ftn18\">[18]<\/a> Il y a d\u00e9lit d\u2019initi\u00e9 dans le chef du Pr\u00e9sident de la R\u00e9publique ou du Premier Ministre lorsque l\u2019un ou l\u2019autre effectue des op\u00e9rations sur valeurs immobili\u00e8res ou sur marchandises \u00e0 l\u2019\u00e9gard desquelles il poss\u00e8de, en raison de ses fonctions, des informations privil\u00e9gi\u00e9es et dont il tire profit avant que celles-ci ne soient connues du public. Il englobe l\u2019achat ou la vente d\u2019actions fond\u00e9es sur des renseignements qui ne seraient jamais divulgu\u00e9s aux actionnaires. Le d\u00e9lit d\u2019initi\u00e9 est puni d\u2019une servitude p\u00e9nale principale de dix \u00e0 vingt ans et d\u2019une amende de dix \u00e0 cinquante millions de Francs congolais.<\/span><\/p>\n<h3><span style=\"font-size: 10pt;\"><a href=\"applewebdata:\/\/6D5CD84E-04AF-452B-87BF-1486F9D5F208#_ftnref19\" name=\"_ftn19\">[19]<\/a> article 99 de la Constitution, Voy. <a href=\"https:\/\/legalrdc.com\/2017\/02\/18\/arret-rdff-94-a-161-du-18-fevrier-2017-declaration-du-patrimoine-familial-des-membres-du-gouvernement-samy-badibanga-ntita-nomme-par-ordonnance-n-16-099-du-26-novembre-2016-et-celle-n\/\">Arr\u00eat RDFF 94 \u00e0 161 du 18 f\u00e9vrier 2017 \u2022 D\u00e9claration du patrimoine familial des membres du Gouvernement Samy BADIBANGA NTITA nomm\u00e9 par Ordonnance n\u00b0 16\/099 du 26 novembre 2016 et celle n\u00b0 16\/100 du 19 d\u00e9cembre 2016 portant nomination des vices-premiers ministres, ministres d\u2019Etat, ministres, ministre d\u00e9l\u00e9gu\u00e9 et vice-ministres<\/a><\/span><\/h3>\n<p><span style=\"font-size: 10pt;\"><a href=\"applewebdata:\/\/6D5CD84E-04AF-452B-87BF-1486F9D5F208#_ftnref20\" name=\"_ftn20\">[20]<\/a> article 20 Loi organique n\u00b0 10\/013 du 28 juillet 2010 portant organisation et fonctionnement de la Commission \u00c9lectorale Nationale Congolaise<\/span><\/p>\n<p><span style=\"font-size: 10pt;\"><a href=\"applewebdata:\/\/6D5CD84E-04AF-452B-87BF-1486F9D5F208#_ftnref21\" name=\"_ftn21\">[21]<\/a> Il faut souligner que le l\u00e9gislateur utilise l\u2019expression \u00ab\u00a0Pr\u00e9sidence de la R\u00e9publique\u00a0\u00bb en lieu et place de \u00ab\u00a0Pr\u00e9sident de la R\u00e9publique\u00a0\u00bb car l\u2019Institution est Pr\u00e9sident de la R\u00e9publique et non Pr\u00e9sidence de la R\u00e9publique. La d\u00e9nomination de l\u2019institution se confond avec la personne du Chef de l\u2019Etat.\u00a0<\/span><\/p>\n<p><span style=\"font-size: 10pt;\"><a href=\"applewebdata:\/\/6D5CD84E-04AF-452B-87BF-1486F9D5F208#_ftnref22\" name=\"_ftn22\">[22]<\/a> Il y a emp\u00eachement d\u00e9finitif lorsque le Pr\u00e9sident de la R\u00e9publique se trouve dans l\u2019impossibilit\u00e9 absolue d\u2019exercer personnellement les fonctions qui lui sont d\u00e9volues par la Constitution et par les Lois de la R\u00e9publique.<\/span><\/p>\n<p>&nbsp;<\/p>\n","protected":false},"excerpt":{"rendered":"<p>Les comp\u00e9tences de la Cour constitutionnelle au regard de la Constitution du 18 f\u00e9vrier 2006 et de la loi organique n\u00b0 13\/026 du 15 octobre 2013 portant organisation et fonctionnement de la Cour constitutionnelle. Pr\u00e9vue tour \u00e0 tour par la Loi fondamentale du 19 mai 1960 relative aux structures du Congo et par la Constitution&#8230;<\/p>\n","protected":false},"author":1,"featured_media":1991,"comment_status":"open","ping_status":"open","sticky":false,"template":"","format":"standard","meta":{"footnotes":""},"categories":[44],"tags":[],"class_list":["post-7198","post","type-post","status-publish","format-standard","has-post-thumbnail","hentry","category-legislation-regulations"],"yoast_head":"<!-- This site is optimized with the Yoast SEO plugin v27.5 - https:\/\/yoast.com\/product\/yoast-seo-wordpress\/ -->\n<title>Quelles sont les comp\u00e9tences d\u00e9volues \u00e0 la Cour constitutionnelle ? - Elite Law Firm<\/title>\n<meta name=\"robots\" content=\"index, follow, max-snippet:-1, max-image-preview:large, max-video-preview:-1\" \/>\n<link rel=\"canonical\" href=\"https:\/\/cabelitelaw.com\/fr\/2022\/01\/07\/quelles-sont-les-competences-devolues-a-la-cour-constitutionnelle\/\" \/>\n<meta property=\"og:locale\" content=\"fr_FR\" \/>\n<meta property=\"og:type\" content=\"article\" \/>\n<meta property=\"og:title\" content=\"Quelles sont les comp\u00e9tences d\u00e9volues \u00e0 la Cour constitutionnelle ? - Elite Law Firm\" \/>\n<meta property=\"og:description\" content=\"Les comp\u00e9tences de la Cour constitutionnelle au regard de la Constitution du 18 f\u00e9vrier 2006 et de la loi organique n\u00b0 13\/026 du 15 octobre 2013 portant organisation et fonctionnement de la Cour constitutionnelle. Pr\u00e9vue tour \u00e0 tour par la Loi fondamentale du 19 mai 1960 relative aux structures du Congo et par la Constitution...\" \/>\n<meta property=\"og:url\" content=\"https:\/\/cabelitelaw.com\/fr\/2022\/01\/07\/quelles-sont-les-competences-devolues-a-la-cour-constitutionnelle\/\" \/>\n<meta property=\"og:site_name\" content=\"Elite Law Firm\" \/>\n<meta property=\"article:publisher\" content=\"https:\/\/www.facebook.com\/elitelawfirm1\/\" \/>\n<meta property=\"article:published_time\" content=\"2022-01-08T01:28:43+00:00\" \/>\n<meta property=\"og:image\" content=\"https:\/\/cabelitelaw.com\/fr\/wp-content\/uploads\/2019\/10\/background_02.jpg\" \/>\n\t<meta property=\"og:image:width\" content=\"1920\" \/>\n\t<meta property=\"og:image:height\" content=\"1100\" \/>\n\t<meta property=\"og:image:type\" content=\"image\/jpeg\" \/>\n<meta name=\"author\" content=\"CabElite\" \/>\n<meta name=\"twitter:card\" content=\"summary_large_image\" \/>\n<meta name=\"twitter:creator\" content=\"@EliteLawFirm1\" \/>\n<meta name=\"twitter:site\" content=\"@EliteLawFirm1\" \/>\n<meta name=\"twitter:label1\" content=\"\u00c9crit par\" \/>\n\t<meta name=\"twitter:data1\" content=\"CabElite\" \/>\n\t<meta name=\"twitter:label2\" content=\"Dur\u00e9e de lecture estim\u00e9e\" \/>\n\t<meta name=\"twitter:data2\" content=\"17 minutes\" \/>\n<script type=\"application\/ld+json\" class=\"yoast-schema-graph\">{\"@context\":\"https:\\\/\\\/schema.org\",\"@graph\":[{\"@type\":\"Article\",\"@id\":\"https:\\\/\\\/cabelitelaw.com\\\/fr\\\/2022\\\/01\\\/07\\\/quelles-sont-les-competences-devolues-a-la-cour-constitutionnelle\\\/#article\",\"isPartOf\":{\"@id\":\"https:\\\/\\\/cabelitelaw.com\\\/fr\\\/2022\\\/01\\\/07\\\/quelles-sont-les-competences-devolues-a-la-cour-constitutionnelle\\\/\"},\"author\":{\"name\":\"CabElite\",\"@id\":\"https:\\\/\\\/cabelitelaw.com\\\/fr\\\/#\\\/schema\\\/person\\\/31d0aa7ac2cf95692df683036fef5d64\"},\"headline\":\"Quelles sont les comp\u00e9tences d\u00e9volues \u00e0 la Cour constitutionnelle ?\",\"datePublished\":\"2022-01-08T01:28:43+00:00\",\"mainEntityOfPage\":{\"@id\":\"https:\\\/\\\/cabelitelaw.com\\\/fr\\\/2022\\\/01\\\/07\\\/quelles-sont-les-competences-devolues-a-la-cour-constitutionnelle\\\/\"},\"wordCount\":3663,\"commentCount\":0,\"publisher\":{\"@id\":\"https:\\\/\\\/cabelitelaw.com\\\/fr\\\/#organization\"},\"image\":{\"@id\":\"https:\\\/\\\/cabelitelaw.com\\\/fr\\\/2022\\\/01\\\/07\\\/quelles-sont-les-competences-devolues-a-la-cour-constitutionnelle\\\/#primaryimage\"},\"thumbnailUrl\":\"https:\\\/\\\/cabelitelaw.com\\\/fr\\\/wp-content\\\/uploads\\\/2019\\\/10\\\/background_02.jpg\",\"articleSection\":[\"L\u00e9gislation &amp; R\u00e9gulations\"],\"inLanguage\":\"fr-FR\",\"potentialAction\":[{\"@type\":\"CommentAction\",\"name\":\"Comment\",\"target\":[\"https:\\\/\\\/cabelitelaw.com\\\/fr\\\/2022\\\/01\\\/07\\\/quelles-sont-les-competences-devolues-a-la-cour-constitutionnelle\\\/#respond\"]}]},{\"@type\":\"WebPage\",\"@id\":\"https:\\\/\\\/cabelitelaw.com\\\/fr\\\/2022\\\/01\\\/07\\\/quelles-sont-les-competences-devolues-a-la-cour-constitutionnelle\\\/\",\"url\":\"https:\\\/\\\/cabelitelaw.com\\\/fr\\\/2022\\\/01\\\/07\\\/quelles-sont-les-competences-devolues-a-la-cour-constitutionnelle\\\/\",\"name\":\"Quelles sont les comp\u00e9tences d\u00e9volues \u00e0 la Cour constitutionnelle ? - Elite Law Firm\",\"isPartOf\":{\"@id\":\"https:\\\/\\\/cabelitelaw.com\\\/fr\\\/#website\"},\"primaryImageOfPage\":{\"@id\":\"https:\\\/\\\/cabelitelaw.com\\\/fr\\\/2022\\\/01\\\/07\\\/quelles-sont-les-competences-devolues-a-la-cour-constitutionnelle\\\/#primaryimage\"},\"image\":{\"@id\":\"https:\\\/\\\/cabelitelaw.com\\\/fr\\\/2022\\\/01\\\/07\\\/quelles-sont-les-competences-devolues-a-la-cour-constitutionnelle\\\/#primaryimage\"},\"thumbnailUrl\":\"https:\\\/\\\/cabelitelaw.com\\\/fr\\\/wp-content\\\/uploads\\\/2019\\\/10\\\/background_02.jpg\",\"datePublished\":\"2022-01-08T01:28:43+00:00\",\"inLanguage\":\"fr-FR\",\"potentialAction\":[{\"@type\":\"ReadAction\",\"target\":[\"https:\\\/\\\/cabelitelaw.com\\\/fr\\\/2022\\\/01\\\/07\\\/quelles-sont-les-competences-devolues-a-la-cour-constitutionnelle\\\/\"]}]},{\"@type\":\"ImageObject\",\"inLanguage\":\"fr-FR\",\"@id\":\"https:\\\/\\\/cabelitelaw.com\\\/fr\\\/2022\\\/01\\\/07\\\/quelles-sont-les-competences-devolues-a-la-cour-constitutionnelle\\\/#primaryimage\",\"url\":\"https:\\\/\\\/cabelitelaw.com\\\/fr\\\/wp-content\\\/uploads\\\/2019\\\/10\\\/background_02.jpg\",\"contentUrl\":\"https:\\\/\\\/cabelitelaw.com\\\/fr\\\/wp-content\\\/uploads\\\/2019\\\/10\\\/background_02.jpg\",\"width\":1920,\"height\":1100},{\"@type\":\"WebSite\",\"@id\":\"https:\\\/\\\/cabelitelaw.com\\\/fr\\\/#website\",\"url\":\"https:\\\/\\\/cabelitelaw.com\\\/fr\\\/\",\"name\":\"Elite Law Firm\",\"description\":\"A Dedicated Law Firm with a Team of Dedicated Lawyers\",\"publisher\":{\"@id\":\"https:\\\/\\\/cabelitelaw.com\\\/fr\\\/#organization\"},\"potentialAction\":[{\"@type\":\"SearchAction\",\"target\":{\"@type\":\"EntryPoint\",\"urlTemplate\":\"https:\\\/\\\/cabelitelaw.com\\\/fr\\\/?s={search_term_string}\"},\"query-input\":{\"@type\":\"PropertyValueSpecification\",\"valueRequired\":true,\"valueName\":\"search_term_string\"}}],\"inLanguage\":\"fr-FR\"},{\"@type\":\"Organization\",\"@id\":\"https:\\\/\\\/cabelitelaw.com\\\/fr\\\/#organization\",\"name\":\"Elite Law Firm\",\"url\":\"https:\\\/\\\/cabelitelaw.com\\\/fr\\\/\",\"logo\":{\"@type\":\"ImageObject\",\"inLanguage\":\"fr-FR\",\"@id\":\"https:\\\/\\\/cabelitelaw.com\\\/fr\\\/#\\\/schema\\\/logo\\\/image\\\/\",\"url\":\"https:\\\/\\\/cabelitelaw.com\\\/wp-content\\\/uploads\\\/2021\\\/02\\\/logo2_whiteback2.png\",\"contentUrl\":\"https:\\\/\\\/cabelitelaw.com\\\/wp-content\\\/uploads\\\/2021\\\/02\\\/logo2_whiteback2.png\",\"width\":800,\"height\":258,\"caption\":\"Elite Law Firm\"},\"image\":{\"@id\":\"https:\\\/\\\/cabelitelaw.com\\\/fr\\\/#\\\/schema\\\/logo\\\/image\\\/\"},\"sameAs\":[\"https:\\\/\\\/www.facebook.com\\\/elitelawfirm1\\\/\",\"https:\\\/\\\/x.com\\\/EliteLawFirm1\",\"https:\\\/\\\/www.linkedin.com\\\/company\\\/elitelawfirm\"]},{\"@type\":\"Person\",\"@id\":\"https:\\\/\\\/cabelitelaw.com\\\/fr\\\/#\\\/schema\\\/person\\\/31d0aa7ac2cf95692df683036fef5d64\",\"name\":\"CabElite\",\"image\":{\"@type\":\"ImageObject\",\"inLanguage\":\"fr-FR\",\"@id\":\"https:\\\/\\\/secure.gravatar.com\\\/avatar\\\/f15cccdb6cb5525c113fdac0962e4d34b2091ba453ef6430acf76e107a9b9c71?s=96&d=mm&r=g\",\"url\":\"https:\\\/\\\/secure.gravatar.com\\\/avatar\\\/f15cccdb6cb5525c113fdac0962e4d34b2091ba453ef6430acf76e107a9b9c71?s=96&d=mm&r=g\",\"contentUrl\":\"https:\\\/\\\/secure.gravatar.com\\\/avatar\\\/f15cccdb6cb5525c113fdac0962e4d34b2091ba453ef6430acf76e107a9b9c71?s=96&d=mm&r=g\",\"caption\":\"CabElite\"},\"sameAs\":[\"http:\\\/\\\/cabelitelaw.com\"],\"url\":\"https:\\\/\\\/cabelitelaw.com\\\/fr\\\/author\\\/cabelite\\\/\"}]}<\/script>\n<!-- \/ Yoast SEO plugin. -->","yoast_head_json":{"title":"Quelles sont les comp\u00e9tences d\u00e9volues \u00e0 la Cour constitutionnelle ? - Elite Law Firm","robots":{"index":"index","follow":"follow","max-snippet":"max-snippet:-1","max-image-preview":"max-image-preview:large","max-video-preview":"max-video-preview:-1"},"canonical":"https:\/\/cabelitelaw.com\/fr\/2022\/01\/07\/quelles-sont-les-competences-devolues-a-la-cour-constitutionnelle\/","og_locale":"fr_FR","og_type":"article","og_title":"Quelles sont les comp\u00e9tences d\u00e9volues \u00e0 la Cour constitutionnelle ? - Elite Law Firm","og_description":"Les comp\u00e9tences de la Cour constitutionnelle au regard de la Constitution du 18 f\u00e9vrier 2006 et de la loi organique n\u00b0 13\/026 du 15 octobre 2013 portant organisation et fonctionnement de la Cour constitutionnelle. Pr\u00e9vue tour \u00e0 tour par la Loi fondamentale du 19 mai 1960 relative aux structures du Congo et par la Constitution...","og_url":"https:\/\/cabelitelaw.com\/fr\/2022\/01\/07\/quelles-sont-les-competences-devolues-a-la-cour-constitutionnelle\/","og_site_name":"Elite Law Firm","article_publisher":"https:\/\/www.facebook.com\/elitelawfirm1\/","article_published_time":"2022-01-08T01:28:43+00:00","og_image":[{"width":1920,"height":1100,"url":"https:\/\/cabelitelaw.com\/fr\/wp-content\/uploads\/2019\/10\/background_02.jpg","type":"image\/jpeg"}],"author":"CabElite","twitter_card":"summary_large_image","twitter_creator":"@EliteLawFirm1","twitter_site":"@EliteLawFirm1","twitter_misc":{"\u00c9crit par":"CabElite","Dur\u00e9e de lecture estim\u00e9e":"17 minutes"},"schema":{"@context":"https:\/\/schema.org","@graph":[{"@type":"Article","@id":"https:\/\/cabelitelaw.com\/fr\/2022\/01\/07\/quelles-sont-les-competences-devolues-a-la-cour-constitutionnelle\/#article","isPartOf":{"@id":"https:\/\/cabelitelaw.com\/fr\/2022\/01\/07\/quelles-sont-les-competences-devolues-a-la-cour-constitutionnelle\/"},"author":{"name":"CabElite","@id":"https:\/\/cabelitelaw.com\/fr\/#\/schema\/person\/31d0aa7ac2cf95692df683036fef5d64"},"headline":"Quelles sont les comp\u00e9tences d\u00e9volues \u00e0 la Cour constitutionnelle ?","datePublished":"2022-01-08T01:28:43+00:00","mainEntityOfPage":{"@id":"https:\/\/cabelitelaw.com\/fr\/2022\/01\/07\/quelles-sont-les-competences-devolues-a-la-cour-constitutionnelle\/"},"wordCount":3663,"commentCount":0,"publisher":{"@id":"https:\/\/cabelitelaw.com\/fr\/#organization"},"image":{"@id":"https:\/\/cabelitelaw.com\/fr\/2022\/01\/07\/quelles-sont-les-competences-devolues-a-la-cour-constitutionnelle\/#primaryimage"},"thumbnailUrl":"https:\/\/cabelitelaw.com\/fr\/wp-content\/uploads\/2019\/10\/background_02.jpg","articleSection":["L\u00e9gislation &amp; R\u00e9gulations"],"inLanguage":"fr-FR","potentialAction":[{"@type":"CommentAction","name":"Comment","target":["https:\/\/cabelitelaw.com\/fr\/2022\/01\/07\/quelles-sont-les-competences-devolues-a-la-cour-constitutionnelle\/#respond"]}]},{"@type":"WebPage","@id":"https:\/\/cabelitelaw.com\/fr\/2022\/01\/07\/quelles-sont-les-competences-devolues-a-la-cour-constitutionnelle\/","url":"https:\/\/cabelitelaw.com\/fr\/2022\/01\/07\/quelles-sont-les-competences-devolues-a-la-cour-constitutionnelle\/","name":"Quelles sont les comp\u00e9tences d\u00e9volues \u00e0 la Cour constitutionnelle ? - Elite Law Firm","isPartOf":{"@id":"https:\/\/cabelitelaw.com\/fr\/#website"},"primaryImageOfPage":{"@id":"https:\/\/cabelitelaw.com\/fr\/2022\/01\/07\/quelles-sont-les-competences-devolues-a-la-cour-constitutionnelle\/#primaryimage"},"image":{"@id":"https:\/\/cabelitelaw.com\/fr\/2022\/01\/07\/quelles-sont-les-competences-devolues-a-la-cour-constitutionnelle\/#primaryimage"},"thumbnailUrl":"https:\/\/cabelitelaw.com\/fr\/wp-content\/uploads\/2019\/10\/background_02.jpg","datePublished":"2022-01-08T01:28:43+00:00","inLanguage":"fr-FR","potentialAction":[{"@type":"ReadAction","target":["https:\/\/cabelitelaw.com\/fr\/2022\/01\/07\/quelles-sont-les-competences-devolues-a-la-cour-constitutionnelle\/"]}]},{"@type":"ImageObject","inLanguage":"fr-FR","@id":"https:\/\/cabelitelaw.com\/fr\/2022\/01\/07\/quelles-sont-les-competences-devolues-a-la-cour-constitutionnelle\/#primaryimage","url":"https:\/\/cabelitelaw.com\/fr\/wp-content\/uploads\/2019\/10\/background_02.jpg","contentUrl":"https:\/\/cabelitelaw.com\/fr\/wp-content\/uploads\/2019\/10\/background_02.jpg","width":1920,"height":1100},{"@type":"WebSite","@id":"https:\/\/cabelitelaw.com\/fr\/#website","url":"https:\/\/cabelitelaw.com\/fr\/","name":"Elite Law Firm","description":"A Dedicated Law Firm with a Team of Dedicated Lawyers","publisher":{"@id":"https:\/\/cabelitelaw.com\/fr\/#organization"},"potentialAction":[{"@type":"SearchAction","target":{"@type":"EntryPoint","urlTemplate":"https:\/\/cabelitelaw.com\/fr\/?s={search_term_string}"},"query-input":{"@type":"PropertyValueSpecification","valueRequired":true,"valueName":"search_term_string"}}],"inLanguage":"fr-FR"},{"@type":"Organization","@id":"https:\/\/cabelitelaw.com\/fr\/#organization","name":"Elite Law Firm","url":"https:\/\/cabelitelaw.com\/fr\/","logo":{"@type":"ImageObject","inLanguage":"fr-FR","@id":"https:\/\/cabelitelaw.com\/fr\/#\/schema\/logo\/image\/","url":"https:\/\/cabelitelaw.com\/wp-content\/uploads\/2021\/02\/logo2_whiteback2.png","contentUrl":"https:\/\/cabelitelaw.com\/wp-content\/uploads\/2021\/02\/logo2_whiteback2.png","width":800,"height":258,"caption":"Elite Law Firm"},"image":{"@id":"https:\/\/cabelitelaw.com\/fr\/#\/schema\/logo\/image\/"},"sameAs":["https:\/\/www.facebook.com\/elitelawfirm1\/","https:\/\/x.com\/EliteLawFirm1","https:\/\/www.linkedin.com\/company\/elitelawfirm"]},{"@type":"Person","@id":"https:\/\/cabelitelaw.com\/fr\/#\/schema\/person\/31d0aa7ac2cf95692df683036fef5d64","name":"CabElite","image":{"@type":"ImageObject","inLanguage":"fr-FR","@id":"https:\/\/secure.gravatar.com\/avatar\/f15cccdb6cb5525c113fdac0962e4d34b2091ba453ef6430acf76e107a9b9c71?s=96&d=mm&r=g","url":"https:\/\/secure.gravatar.com\/avatar\/f15cccdb6cb5525c113fdac0962e4d34b2091ba453ef6430acf76e107a9b9c71?s=96&d=mm&r=g","contentUrl":"https:\/\/secure.gravatar.com\/avatar\/f15cccdb6cb5525c113fdac0962e4d34b2091ba453ef6430acf76e107a9b9c71?s=96&d=mm&r=g","caption":"CabElite"},"sameAs":["http:\/\/cabelitelaw.com"],"url":"https:\/\/cabelitelaw.com\/fr\/author\/cabelite\/"}]}},"_links":{"self":[{"href":"https:\/\/cabelitelaw.com\/fr\/wp-json\/wp\/v2\/posts\/7198","targetHints":{"allow":["GET"]}}],"collection":[{"href":"https:\/\/cabelitelaw.com\/fr\/wp-json\/wp\/v2\/posts"}],"about":[{"href":"https:\/\/cabelitelaw.com\/fr\/wp-json\/wp\/v2\/types\/post"}],"author":[{"embeddable":true,"href":"https:\/\/cabelitelaw.com\/fr\/wp-json\/wp\/v2\/users\/1"}],"replies":[{"embeddable":true,"href":"https:\/\/cabelitelaw.com\/fr\/wp-json\/wp\/v2\/comments?post=7198"}],"version-history":[{"count":1,"href":"https:\/\/cabelitelaw.com\/fr\/wp-json\/wp\/v2\/posts\/7198\/revisions"}],"predecessor-version":[{"id":7199,"href":"https:\/\/cabelitelaw.com\/fr\/wp-json\/wp\/v2\/posts\/7198\/revisions\/7199"}],"wp:featuredmedia":[{"embeddable":true,"href":"https:\/\/cabelitelaw.com\/fr\/wp-json\/wp\/v2\/media\/1991"}],"wp:attachment":[{"href":"https:\/\/cabelitelaw.com\/fr\/wp-json\/wp\/v2\/media?parent=7198"}],"wp:term":[{"taxonomy":"category","embeddable":true,"href":"https:\/\/cabelitelaw.com\/fr\/wp-json\/wp\/v2\/categories?post=7198"},{"taxonomy":"post_tag","embeddable":true,"href":"https:\/\/cabelitelaw.com\/fr\/wp-json\/wp\/v2\/tags?post=7198"}],"curies":[{"name":"wp","href":"https:\/\/api.w.org\/{rel}","templated":true}]}}